{"id":1285,"date":"2025-02-13T21:25:03","date_gmt":"2025-02-13T21:25:03","guid":{"rendered":"https:\/\/rmtourportugal.com\/o-grande-nevao-de-1983-o-dia-em-que-coimbra-ficou-branca\/"},"modified":"2025-02-13T21:25:03","modified_gmt":"2025-02-13T21:25:03","slug":"o-grande-nevao-de-1983-o-dia-em-que-coimbra-ficou-branca","status":"publish","type":"post","link":"https:\/\/rmtourportugal.com\/pt-pt\/o-grande-nevao-de-1983-o-dia-em-que-coimbra-ficou-branca\/","title":{"rendered":"O Grande Nev\u00e3o de 1983: O Dia em Que Coimbra Ficou Branca"},"content":{"rendered":"\n<figure class=\"wp-block-image aligncenter size-full\"><img fetchpriority=\"high\" decoding=\"async\" width=\"640\" height=\"436\" src=\"https:\/\/rmtourportugal.com\/wp-content\/uploads\/2025\/02\/Neve-em-Coimbra-1.jpg\" alt=\"\" class=\"wp-image-1226\" srcset=\"https:\/\/rmtourportugal.com\/wp-content\/uploads\/2025\/02\/Neve-em-Coimbra-1.jpg 640w, https:\/\/rmtourportugal.com\/wp-content\/uploads\/2025\/02\/Neve-em-Coimbra-1-300x204.jpg 300w\" sizes=\"(max-width: 640px) 100vw, 640px\" \/><\/figure>\n\n\n\n<p>Na manh\u00e3 de 11 de fevereiro de 1983, Coimbra despertou para um cen\u00e1rio que mais parecia sa\u00eddo de um conto de inverno. Durante a madrugada, a neve come\u00e7ou a cair silenciosamente, cobrindo telhados, ruas e pra\u00e7as com um manto branco. Para muitos habitantes, foi a primeira vez que viram neve na cidade, e o fen\u00f3meno rapidamente se transformou num momento hist\u00f3rico que ainda hoje \u00e9 recordado com nostalgia.  <\/p>\n\n\n\n<p>\u00c0s tradicionais capas negras foram anexadas cachec\u00f3is improvisados, e o P\u00e1tio das Escolas foi tomado por um v\u00e9u branc. Na Alta e na Baixa, crian\u00e7as e adultos maravilhavam-se com o espect\u00e1culo raro, enquanto alguns aventureiros tentavam deslizar pelas ruas cobertas de neve. Muitas escolas foram fechadas por causa do clima extremo.  <\/p>\n\n\n\n<p>O frio intenso da \u00e9poca, aliado a uma corrente de ar polar, fez com que a neve se espalhasse por v\u00e1rias partes de Portugal, mas foi em Coimbra que o evento ganhou um lugar especial na mem\u00f3ria colectiva. Fotografias da \u00e9poca mostram a cidade completamente branca, com locais ic\u00f3nicos como o Bot\u00e2nico e a Universidade a parecerem postais de inverno. <\/p>\n\n\n\n<p>Passadas mais de quatro d\u00e9cadas, o nev\u00e3o de 1983 continua a ser um dos eventos clim\u00e1ticos mais marcantes da hist\u00f3ria da cidade. Sempre que o inverno chega e as temperaturas descem, h\u00e1 quem olhe para o c\u00e9u e se pergunte: ser\u00e1 que Coimbra voltar\u00e1 a vestir-se de branco outra vez? <\/p>\n\n\n\n<figure class=\"wp-block-gallery has-nested-images columns-default is-cropped wp-block-gallery-1 is-layout-flex wp-block-gallery-is-layout-flex\">\n<figure class=\"wp-block-image size-full\"><img decoding=\"async\" width=\"640\" height=\"436\" data-id=\"1213\" src=\"https:\/\/rmtourportugal.com\/wp-content\/uploads\/2025\/02\/Neve-em-Coimbra.jpg\" alt=\"\" class=\"wp-image-1213\" srcset=\"https:\/\/rmtourportugal.com\/wp-content\/uploads\/2025\/02\/Neve-em-Coimbra.jpg 640w, https:\/\/rmtourportugal.com\/wp-content\/uploads\/2025\/02\/Neve-em-Coimbra-300x204.jpg 300w\" sizes=\"(max-width: 640px) 100vw, 640px\" \/><\/figure>\n\n\n\n<figure class=\"wp-block-image size-large\"><img decoding=\"async\" width=\"668\" height=\"446\" data-id=\"33\" src=\"https:\/\/rmtourportugal.com\/wp-content\/uploads\/2025\/01\/c7-1.jpg\" alt=\"\" class=\"wp-image-33\" srcset=\"https:\/\/rmtourportugal.com\/wp-content\/uploads\/2025\/01\/c7-1.jpg 668w, https:\/\/rmtourportugal.com\/wp-content\/uploads\/2025\/01\/c7-1-300x200.jpg 300w\" sizes=\"(max-width: 668px) 100vw, 668px\" \/><\/figure>\n<\/figure>\n\n\n\n<p><\/p>\n","protected":false},"excerpt":{"rendered":"<p>Na manh\u00e3 de 11 de fevereiro de 1983, Coimbra despertou para um cen\u00e1rio que mais parecia sa\u00eddo de um conto de inverno. Durante a madrugada, a neve come\u00e7ou a cair silenciosamente, cobrindo telhados, ruas e pra\u00e7as com um manto branco. Para muitos habitantes, foi a primeira vez que viram neve na cidade, e o fen\u00f3meno [&hellip;]<\/p>\n","protected":false},"author":1,"featured_media":1232,"comment_status":"open","ping_status":"open","sticky":false,"template":"","format":"standard","meta":{"footnotes":""},"categories":[28],"tags":[],"class_list":["post-1285","post","type-post","status-publish","format-standard","has-post-thumbnail","hentry","category-curiosidades-pt-pt"],"_links":{"self":[{"href":"https:\/\/rmtourportugal.com\/pt-pt\/wp-json\/wp\/v2\/posts\/1285","targetHints":{"allow":["GET"]}}],"collection":[{"href":"https:\/\/rmtourportugal.com\/pt-pt\/wp-json\/wp\/v2\/posts"}],"about":[{"href":"https:\/\/rmtourportugal.com\/pt-pt\/wp-json\/wp\/v2\/types\/post"}],"author":[{"embeddable":true,"href":"https:\/\/rmtourportugal.com\/pt-pt\/wp-json\/wp\/v2\/users\/1"}],"replies":[{"embeddable":true,"href":"https:\/\/rmtourportugal.com\/pt-pt\/wp-json\/wp\/v2\/comments?post=1285"}],"version-history":[{"count":0,"href":"https:\/\/rmtourportugal.com\/pt-pt\/wp-json\/wp\/v2\/posts\/1285\/revisions"}],"wp:featuredmedia":[{"embeddable":true,"href":"https:\/\/rmtourportugal.com\/pt-pt\/wp-json\/wp\/v2\/media\/1232"}],"wp:attachment":[{"href":"https:\/\/rmtourportugal.com\/pt-pt\/wp-json\/wp\/v2\/media?parent=1285"}],"wp:term":[{"taxonomy":"category","embeddable":true,"href":"https:\/\/rmtourportugal.com\/pt-pt\/wp-json\/wp\/v2\/categories?post=1285"},{"taxonomy":"post_tag","embeddable":true,"href":"https:\/\/rmtourportugal.com\/pt-pt\/wp-json\/wp\/v2\/tags?post=1285"}],"curies":[{"name":"wp","href":"https:\/\/api.w.org\/{rel}","templated":true}]}}