{"id":1284,"date":"2025-02-13T21:25:03","date_gmt":"2025-02-13T21:25:03","guid":{"rendered":"https:\/\/rmtourportugal.com\/la-gran-ventisca-de-1983-el-dia-en-que-coimbra-se-volvio-blanca\/"},"modified":"2025-02-13T21:25:03","modified_gmt":"2025-02-13T21:25:03","slug":"la-gran-ventisca-de-1983-el-dia-en-que-coimbra-se-volvio-blanca","status":"publish","type":"post","link":"https:\/\/rmtourportugal.com\/es\/la-gran-ventisca-de-1983-el-dia-en-que-coimbra-se-volvio-blanca\/","title":{"rendered":"La Gran Ventisca de 1983: el d\u00eda en que Coimbra se volvi\u00f3 blanca"},"content":{"rendered":"\n<figure class=\"wp-block-image aligncenter size-full\"><img fetchpriority=\"high\" decoding=\"async\" width=\"640\" height=\"436\" src=\"https:\/\/rmtourportugal.com\/wp-content\/uploads\/2025\/02\/Neve-em-Coimbra-1.jpg\" alt=\"\" class=\"wp-image-1226\" srcset=\"https:\/\/rmtourportugal.com\/wp-content\/uploads\/2025\/02\/Neve-em-Coimbra-1.jpg 640w, https:\/\/rmtourportugal.com\/wp-content\/uploads\/2025\/02\/Neve-em-Coimbra-1-300x204.jpg 300w\" sizes=\"(max-width: 640px) 100vw, 640px\" \/><\/figure>\n\n\n\n<p>La ma\u00f1ana del 11 de febrero de 1983, Coimbra se despert\u00f3 con una escena que parec\u00eda sacada de un cuento de invierno. Durante las primeras horas de la ma\u00f1ana, la nieve empez\u00f3 a caer silenciosamente, cubriendo tejados, calles y plazas con un manto blanco. Para muchos habitantes, era la primera vez que ve\u00edan nevar en la ciudad, y el fen\u00f3meno se convirti\u00f3 r\u00e1pidamente en un momento hist\u00f3rico que a\u00fan hoy se recuerda con nostalgia.<\/p>\n\n\n\n<p>A los tradicionales mantos negros se unieron pa\u00f1uelos improvisados, y el Patio de la Escuela fue tomado por un velo blanco. En la Ciudad Alta y la Ciudad Baja, ni\u00f1os y adultos se maravillaron ante el ins\u00f3lito espect\u00e1culo, mientras unos cuantos aventureros probaban suerte desliz\u00e1ndose por las calles cubiertas de nieve. Muchas escuelas cerraron debido al clima extremo.<\/p>\n\n\n\n<p>El intenso fr\u00edo de la estaci\u00f3n, combinado con una corriente de aire polar, hizo que la nieve se extendiera por varias partes de Portugal, pero fue en Coimbra donde el suceso se gan\u00f3 un lugar especial en la memoria colectiva. Las fotograf\u00edas de la \u00e9poca muestran la ciudad completamente blanca, con lugares emblem\u00e1ticos como el Centro Bot\u00e1nico y la Universidad que parecen postales invernales.<\/p>\n\n\n\n<p>M\u00e1s de cuatro d\u00e9cadas despu\u00e9s, la ventisca de 1983 sigue siendo uno de los fen\u00f3menos meteorol\u00f3gicos m\u00e1s notables de la historia de la ciudad. Cada vez que llega el invierno y bajan las temperaturas, algunas personas miran al cielo y se preguntan: \u00bfvolver\u00e1 Coimbra a vestirse de blanco?<\/p>\n\n\n\n<figure class=\"wp-block-gallery has-nested-images columns-default is-cropped wp-block-gallery-1 is-layout-flex wp-block-gallery-is-layout-flex\">\n<figure class=\"wp-block-image size-full\"><img decoding=\"async\" width=\"640\" height=\"436\" data-id=\"1213\" src=\"https:\/\/rmtourportugal.com\/wp-content\/uploads\/2025\/02\/Neve-em-Coimbra.jpg\" alt=\"\" class=\"wp-image-1213\" srcset=\"https:\/\/rmtourportugal.com\/wp-content\/uploads\/2025\/02\/Neve-em-Coimbra.jpg 640w, https:\/\/rmtourportugal.com\/wp-content\/uploads\/2025\/02\/Neve-em-Coimbra-300x204.jpg 300w\" sizes=\"(max-width: 640px) 100vw, 640px\" \/><\/figure>\n\n\n\n<figure class=\"wp-block-image size-large\"><img decoding=\"async\" width=\"668\" height=\"446\" data-id=\"33\" src=\"https:\/\/rmtourportugal.com\/wp-content\/uploads\/2025\/01\/c7-1.jpg\" alt=\"\" class=\"wp-image-33\" srcset=\"https:\/\/rmtourportugal.com\/wp-content\/uploads\/2025\/01\/c7-1.jpg 668w, https:\/\/rmtourportugal.com\/wp-content\/uploads\/2025\/01\/c7-1-300x200.jpg 300w\" sizes=\"(max-width: 668px) 100vw, 668px\" \/><\/figure>\n<\/figure>\n\n\n\n<p><\/p>\n","protected":false},"excerpt":{"rendered":"<p>La ma\u00f1ana del 11 de febrero de 1983, Coimbra se despert\u00f3 con una escena que parec\u00eda sacada de un cuento de invierno. Durante las primeras horas de la ma\u00f1ana, la nieve empez\u00f3 a caer silenciosamente, cubriendo tejados, calles y plazas con un manto blanco. Para muchos habitantes, era la primera vez que ve\u00edan nevar en [&hellip;]<\/p>\n","protected":false},"author":1,"featured_media":1233,"comment_status":"open","ping_status":"open","sticky":false,"template":"","format":"standard","meta":{"footnotes":""},"categories":[27],"tags":[],"class_list":["post-1284","post","type-post","status-publish","format-standard","has-post-thumbnail","hentry","category-curiosidades-es"],"_links":{"self":[{"href":"https:\/\/rmtourportugal.com\/es\/wp-json\/wp\/v2\/posts\/1284","targetHints":{"allow":["GET"]}}],"collection":[{"href":"https:\/\/rmtourportugal.com\/es\/wp-json\/wp\/v2\/posts"}],"about":[{"href":"https:\/\/rmtourportugal.com\/es\/wp-json\/wp\/v2\/types\/post"}],"author":[{"embeddable":true,"href":"https:\/\/rmtourportugal.com\/es\/wp-json\/wp\/v2\/users\/1"}],"replies":[{"embeddable":true,"href":"https:\/\/rmtourportugal.com\/es\/wp-json\/wp\/v2\/comments?post=1284"}],"version-history":[{"count":0,"href":"https:\/\/rmtourportugal.com\/es\/wp-json\/wp\/v2\/posts\/1284\/revisions"}],"wp:featuredmedia":[{"embeddable":true,"href":"https:\/\/rmtourportugal.com\/es\/wp-json\/wp\/v2\/media\/1233"}],"wp:attachment":[{"href":"https:\/\/rmtourportugal.com\/es\/wp-json\/wp\/v2\/media?parent=1284"}],"wp:term":[{"taxonomy":"category","embeddable":true,"href":"https:\/\/rmtourportugal.com\/es\/wp-json\/wp\/v2\/categories?post=1284"},{"taxonomy":"post_tag","embeddable":true,"href":"https:\/\/rmtourportugal.com\/es\/wp-json\/wp\/v2\/tags?post=1284"}],"curies":[{"name":"wp","href":"https:\/\/api.w.org\/{rel}","templated":true}]}}